{"id":1023,"date":"2015-08-20T16:28:42","date_gmt":"2015-08-20T15:28:42","guid":{"rendered":"http:\/\/konigsmuhle.cz\/?p=1023"},"modified":"2015-08-20T16:29:01","modified_gmt":"2015-08-20T15:29:01","slug":"pasmo-kratky-filmu-s-krusnych-hor-a-premiera-dokumentu-o-lesni-delnici-a-vytvarnici-marii-jansove","status":"publish","type":"post","link":"https:\/\/konigsmuhle.cz\/de\/pasmo-kratky-filmu-s-krusnych-hor-a-premiera-dokumentu-o-lesni-delnici-a-vytvarnici-marii-jansove\/","title":{"rendered":"P\u00e1smo kr\u00e1tk\u00fd film\u016f s Kru\u0161n\u00fdch hor a premi\u00e9ra dokumentu o lesn\u00ed d\u011blnici a v\u00fdtvarnici Marii Jansov\u00e9."},"content":{"rendered":"","protected":false},"excerpt":{"rendered":"","protected":false},"author":1,"featured_media":0,"comment_status":"closed","ping_status":"closed","sticky":false,"template":"","format":"standard","meta":{"_acf_changed":false,"footnotes":""},"categories":[1,48],"tags":[],"acf":[],"_links":{"self":[{"href":"https:\/\/konigsmuhle.cz\/de\/wp-json\/wp\/v2\/posts\/1023"}],"collection":[{"href":"https:\/\/konigsmuhle.cz\/de\/wp-json\/wp\/v2\/posts"}],"about":[{"href":"https:\/\/konigsmuhle.cz\/de\/wp-json\/wp\/v2\/types\/post"}],"author":[{"embeddable":true,"href":"https:\/\/konigsmuhle.cz\/de\/wp-json\/wp\/v2\/users\/1"}],"replies":[{"embeddable":true,"href":"https:\/\/konigsmuhle.cz\/de\/wp-json\/wp\/v2\/comments?post=1023"}],"version-history":[{"count":0,"href":"https:\/\/konigsmuhle.cz\/de\/wp-json\/wp\/v2\/posts\/1023\/revisions"}],"wp:attachment":[{"href":"https:\/\/konigsmuhle.cz\/de\/wp-json\/wp\/v2\/media?parent=1023"}],"wp:term":[{"taxonomy":"category","embeddable":true,"href":"https:\/\/konigsmuhle.cz\/de\/wp-json\/wp\/v2\/categories?post=1023"},{"taxonomy":"post_tag","embeddable":true,"href":"https:\/\/konigsmuhle.cz\/de\/wp-json\/wp\/v2\/tags?post=1023"}],"curies":[{"name":"wp","href":"https:\/\/api.w.org\/{rel}","templated":true}]}}