{"id":1301,"date":"2016-08-13T09:56:02","date_gmt":"2016-08-13T08:56:02","guid":{"rendered":"http:\/\/konigsmuhle.cz\/?p=1301"},"modified":"2016-08-13T09:56:02","modified_gmt":"2016-08-13T08:56:02","slug":"galerie-pod-sirym-nebem-a-dejiste-festivalu-landart-setkani-konigsmuhle-znovu-oziva","status":"publish","type":"post","link":"https:\/\/konigsmuhle.cz\/de\/galerie-pod-sirym-nebem-a-dejiste-festivalu-landart-setkani-konigsmuhle-znovu-oziva\/","title":{"rendered":"Galerie pod \u0161ir\u00fdm nebem a d\u011bji\u0161t\u011b festivalu Landart setk\u00e1n\u00ed K\u00f6nigsm\u00fchle znovu o\u017e\u00edv\u00e1."},"content":{"rendered":"","protected":false},"excerpt":{"rendered":"","protected":false},"author":1,"featured_media":0,"comment_status":"closed","ping_status":"closed","sticky":false,"template":"","format":"standard","meta":{"_acf_changed":false,"footnotes":""},"categories":[1],"tags":[],"acf":[],"_links":{"self":[{"href":"https:\/\/konigsmuhle.cz\/de\/wp-json\/wp\/v2\/posts\/1301"}],"collection":[{"href":"https:\/\/konigsmuhle.cz\/de\/wp-json\/wp\/v2\/posts"}],"about":[{"href":"https:\/\/konigsmuhle.cz\/de\/wp-json\/wp\/v2\/types\/post"}],"author":[{"embeddable":true,"href":"https:\/\/konigsmuhle.cz\/de\/wp-json\/wp\/v2\/users\/1"}],"replies":[{"embeddable":true,"href":"https:\/\/konigsmuhle.cz\/de\/wp-json\/wp\/v2\/comments?post=1301"}],"version-history":[{"count":1,"href":"https:\/\/konigsmuhle.cz\/de\/wp-json\/wp\/v2\/posts\/1301\/revisions"}],"predecessor-version":[{"id":1302,"href":"https:\/\/konigsmuhle.cz\/de\/wp-json\/wp\/v2\/posts\/1301\/revisions\/1302"}],"wp:attachment":[{"href":"https:\/\/konigsmuhle.cz\/de\/wp-json\/wp\/v2\/media?parent=1301"}],"wp:term":[{"taxonomy":"category","embeddable":true,"href":"https:\/\/konigsmuhle.cz\/de\/wp-json\/wp\/v2\/categories?post=1301"},{"taxonomy":"post_tag","embeddable":true,"href":"https:\/\/konigsmuhle.cz\/de\/wp-json\/wp\/v2\/tags?post=1301"}],"curies":[{"name":"wp","href":"https:\/\/api.w.org\/{rel}","templated":true}]}}