{"id":1697,"date":"2017-08-17T07:59:48","date_gmt":"2017-08-17T06:59:48","guid":{"rendered":"http:\/\/konigsmuhle.cz\/?p=1697"},"modified":"2017-08-17T07:59:48","modified_gmt":"2017-08-17T06:59:48","slug":"prostredni-zanikle-obce-je-jiz-vysekano-a-pripraveno-k-aktivnimu-odpocinku","status":"publish","type":"post","link":"https:\/\/konigsmuhle.cz\/de\/prostredni-zanikle-obce-je-jiz-vysekano-a-pripraveno-k-aktivnimu-odpocinku\/","title":{"rendered":"Prost\u0159edn\u00ed zanikl\u00e9 obce je ji\u017e vysek\u00e1no a p\u0159ipraveno k aktivn\u00edmu odpo\u010dinku"},"content":{"rendered":"","protected":false},"excerpt":{"rendered":"","protected":false},"author":1,"featured_media":0,"comment_status":"closed","ping_status":"closed","sticky":false,"template":"","format":"standard","meta":{"_acf_changed":false,"footnotes":""},"categories":[1],"tags":[],"acf":[],"_links":{"self":[{"href":"https:\/\/konigsmuhle.cz\/de\/wp-json\/wp\/v2\/posts\/1697"}],"collection":[{"href":"https:\/\/konigsmuhle.cz\/de\/wp-json\/wp\/v2\/posts"}],"about":[{"href":"https:\/\/konigsmuhle.cz\/de\/wp-json\/wp\/v2\/types\/post"}],"author":[{"embeddable":true,"href":"https:\/\/konigsmuhle.cz\/de\/wp-json\/wp\/v2\/users\/1"}],"replies":[{"embeddable":true,"href":"https:\/\/konigsmuhle.cz\/de\/wp-json\/wp\/v2\/comments?post=1697"}],"version-history":[{"count":1,"href":"https:\/\/konigsmuhle.cz\/de\/wp-json\/wp\/v2\/posts\/1697\/revisions"}],"predecessor-version":[{"id":1703,"href":"https:\/\/konigsmuhle.cz\/de\/wp-json\/wp\/v2\/posts\/1697\/revisions\/1703"}],"wp:attachment":[{"href":"https:\/\/konigsmuhle.cz\/de\/wp-json\/wp\/v2\/media?parent=1697"}],"wp:term":[{"taxonomy":"category","embeddable":true,"href":"https:\/\/konigsmuhle.cz\/de\/wp-json\/wp\/v2\/categories?post=1697"},{"taxonomy":"post_tag","embeddable":true,"href":"https:\/\/konigsmuhle.cz\/de\/wp-json\/wp\/v2\/tags?post=1697"}],"curies":[{"name":"wp","href":"https:\/\/api.w.org\/{rel}","templated":true}]}}