{"id":2264,"date":"2019-08-09T09:50:34","date_gmt":"2019-08-09T08:50:34","guid":{"rendered":"https:\/\/konigsmuhle.cz\/?p=2264"},"modified":"2019-08-11T12:10:10","modified_gmt":"2019-08-11T11:10:10","slug":"osobni-pozvani-od-petra-miksicka-zakladatele-landart-setkani-v-letech-2012-2019","status":"publish","type":"post","link":"https:\/\/konigsmuhle.cz\/de\/osobni-pozvani-od-petra-miksicka-zakladatele-landart-setkani-v-letech-2012-2019\/","title":{"rendered":"Osobn\u00ed pozv\u00e1n\u00ed od Petra Mik\u0161\u00ed\u010dka, zakladatele Landart setk\u00e1n\u00ed v letech 2012 &#8211; 2019"},"content":{"rendered":"","protected":false},"excerpt":{"rendered":"","protected":false},"author":1,"featured_media":0,"comment_status":"closed","ping_status":"closed","sticky":false,"template":"","format":"standard","meta":{"_acf_changed":false,"footnotes":""},"categories":[1],"tags":[],"acf":[],"_links":{"self":[{"href":"https:\/\/konigsmuhle.cz\/de\/wp-json\/wp\/v2\/posts\/2264"}],"collection":[{"href":"https:\/\/konigsmuhle.cz\/de\/wp-json\/wp\/v2\/posts"}],"about":[{"href":"https:\/\/konigsmuhle.cz\/de\/wp-json\/wp\/v2\/types\/post"}],"author":[{"embeddable":true,"href":"https:\/\/konigsmuhle.cz\/de\/wp-json\/wp\/v2\/users\/1"}],"replies":[{"embeddable":true,"href":"https:\/\/konigsmuhle.cz\/de\/wp-json\/wp\/v2\/comments?post=2264"}],"version-history":[{"count":2,"href":"https:\/\/konigsmuhle.cz\/de\/wp-json\/wp\/v2\/posts\/2264\/revisions"}],"predecessor-version":[{"id":2318,"href":"https:\/\/konigsmuhle.cz\/de\/wp-json\/wp\/v2\/posts\/2264\/revisions\/2318"}],"wp:attachment":[{"href":"https:\/\/konigsmuhle.cz\/de\/wp-json\/wp\/v2\/media?parent=2264"}],"wp:term":[{"taxonomy":"category","embeddable":true,"href":"https:\/\/konigsmuhle.cz\/de\/wp-json\/wp\/v2\/categories?post=2264"},{"taxonomy":"post_tag","embeddable":true,"href":"https:\/\/konigsmuhle.cz\/de\/wp-json\/wp\/v2\/tags?post=2264"}],"curies":[{"name":"wp","href":"https:\/\/api.w.org\/{rel}","templated":true}]}}