{"id":265,"date":"2013-08-28T09:43:30","date_gmt":"2013-08-28T08:43:30","guid":{"rendered":"http:\/\/konigsmuhle.cz\/?p=265"},"modified":"2018-09-15T22:12:14","modified_gmt":"2018-09-15T21:12:14","slug":"dnes-vecer-bude-postavena-kuchyne-nasich-partneru-a-kamaradu-z-annabergu","status":"publish","type":"post","link":"https:\/\/konigsmuhle.cz\/de\/dnes-vecer-bude-postavena-kuchyne-nasich-partneru-a-kamaradu-z-annabergu\/","title":{"rendered":"Dnes ve\u010der bude postavena kuchyn\u011b na\u0161ich partner\u016f a kamar\u00e1d\u016f z Annabergu"},"content":{"rendered":"","protected":false},"excerpt":{"rendered":"","protected":false},"author":1,"featured_media":0,"comment_status":"closed","ping_status":"closed","sticky":false,"template":"","format":"standard","meta":{"_acf_changed":false,"footnotes":""},"categories":[1],"tags":[],"acf":[],"_links":{"self":[{"href":"https:\/\/konigsmuhle.cz\/de\/wp-json\/wp\/v2\/posts\/265"}],"collection":[{"href":"https:\/\/konigsmuhle.cz\/de\/wp-json\/wp\/v2\/posts"}],"about":[{"href":"https:\/\/konigsmuhle.cz\/de\/wp-json\/wp\/v2\/types\/post"}],"author":[{"embeddable":true,"href":"https:\/\/konigsmuhle.cz\/de\/wp-json\/wp\/v2\/users\/1"}],"replies":[{"embeddable":true,"href":"https:\/\/konigsmuhle.cz\/de\/wp-json\/wp\/v2\/comments?post=265"}],"version-history":[{"count":1,"href":"https:\/\/konigsmuhle.cz\/de\/wp-json\/wp\/v2\/posts\/265\/revisions"}],"predecessor-version":[{"id":2136,"href":"https:\/\/konigsmuhle.cz\/de\/wp-json\/wp\/v2\/posts\/265\/revisions\/2136"}],"wp:attachment":[{"href":"https:\/\/konigsmuhle.cz\/de\/wp-json\/wp\/v2\/media?parent=265"}],"wp:term":[{"taxonomy":"category","embeddable":true,"href":"https:\/\/konigsmuhle.cz\/de\/wp-json\/wp\/v2\/categories?post=265"},{"taxonomy":"post_tag","embeddable":true,"href":"https:\/\/konigsmuhle.cz\/de\/wp-json\/wp\/v2\/tags?post=265"}],"curies":[{"name":"wp","href":"https:\/\/api.w.org\/{rel}","templated":true}]}}