{"id":272,"date":"2013-08-30T17:23:19","date_gmt":"2013-08-30T16:23:19","guid":{"rendered":"http:\/\/konigsmuhle.cz\/?p=272"},"modified":"2018-09-15T22:12:23","modified_gmt":"2018-09-15T21:12:23","slug":"jak-dopadla-diskuse-o-budoucnosti-konigsmuhle","status":"publish","type":"post","link":"https:\/\/konigsmuhle.cz\/de\/jak-dopadla-diskuse-o-budoucnosti-konigsmuhle\/","title":{"rendered":"Jak dopadla diskuse o budoucnosti K\u00f6nigsm\u00fchle?"},"content":{"rendered":"<p>\u010ctvrte\u010dn\u00ed program land and art setk\u00e1n\u00ed K\u00f6nigsm\u00fchle 2013 byl zah\u00e1jen diskus\u00ed o\u00a0budoucnosti nejen t\u00e9to akce, ale\u00a0i samotn\u00e9 osady. Zav\u00e9st spole\u010dnou \u0159e\u010d p\u0159i\u0161li do kulis star\u00fdch ruin \u00a0starostka Lou\u010dn\u00e9 Jana M\u00fcllerov\u00e1, p\u0159edseda\u00a0ob\u010dansk\u00e9ho sdru\u017een\u00ed DoKrajin Petr Mik\u0161\u00ed\u010dek, zam\u011bstnanci\u00a0Odboru \u017eivotn\u00edho prost\u0159ed\u00ed Krajsk\u00e9ho \u00fa\u0159adu \u00dasteck\u00e9ho kraje Lubom\u00edr Valtr a\u00a0Ji\u0159\u00ed \u0160imek a\u00a0z\u00e1stupce N\u00e1rodn\u00edho pam\u00e1tkov\u00e9ho \u00fastavu Ji\u0159\u00ed Krechler. P\u0159izv\u00e1ni byli tak\u00e9 obyvatel\u00e9 okoln\u00edch \u010desk\u00fdch a\u00a0n\u011bmeck\u00fdch obc\u00ed i\u00a0z\u00e1jemci \u0161irok\u00e9 ve\u0159ejnosti.<\/p>\n<p>Na \u00favod diskuse bylo p\u0159e\u010dteno p\u00edsemn\u00e9 stanovisko botanika \u010cestm\u00edra Ondr\u00e1\u010dka, kter\u00fd\u00a0se nemohl na\u00a0akci osobn\u011b dostavit. Upozornil na\u00a0jedine\u010dnost m\u00edsta z\u00a0hlediska biologick\u00e9ho, rovn\u011b\u017e v\u0161ak p\u0159iv\u00edtal zv\u00fdrazn\u011bn\u00ed \u010di obnoven\u00ed prvk\u016f kulturn\u00ed krajiny, kterou okoln\u00ed krajina po\u00a0stalet\u00ed skute\u010dn\u011b byla. Obsah dopisu byl v\u0161emi \u00fa\u010dastn\u00edky diskuse p\u0159ijat kladn\u011b a\u00a0byl d\u00e1le rozv\u00edjen.<\/p>\n<p>Co tedy s\u00a0K\u00f6nigsm\u00fchle do budoucna? Petr Mik\u0161\u00ed\u010dek navrhl zakonzervovat\u00a0ruiny staveb, kter\u00fdm hroz\u00ed rozpad b\u011bhem nejbli\u017e\u0161\u00edch 4 a\u017e 5 let. M\u00edsto by pak mohlo b\u00fdt d\u00e1le vyu\u017e\u00edv\u00e1no pro\u00a0podobn\u00e1 setk\u00e1n\u00ed um\u011blc\u016f a\u00a0div\u00e1k\u016f jako je land and art festival. \u0158e\u010d byla tak\u00e9 o\u00a0mo\u017enosti instalace\u00a0cedul\u00ed, informuj\u00edc\u00edch o\u00a0zdej\u0161\u00ed historii, krajin\u011b a\u00a0prom\u011bn\u011b m\u00edsta po\u00a0roce 1945. C\u00edlem by m\u011bl b\u00fdt vznik\u00a0pam\u00e1tn\u00edku opu\u0161t\u011bn\u00e9ho pohrani\u010d\u00ed v\u00a0\u010dist\u011b apolitick\u00e9m smyslu, jak\u00fdsi pam\u00e1tn\u00edk prom\u011bn\u011bn\u00e9 krajiny.<\/p>\n<p>Ji\u0159\u00ed Krechler krom souhlasu s\u00a0um\u00edst\u011bn\u00edm informa\u010dn\u00edch tabul\u00ed navrhl tak\u00e9 prohl\u00e1sit lokality za\u00a0krajinnou pam\u00e1tkovou z\u00f3nu.\u00a0Vyj\u00e1d\u0159il podporu my\u0161lence obnoven\u00ed \u00favozov\u00e9 cesty a\u00a0b\u00fdval\u00e9ho n\u00e1honu, \u010d\u00edm\u017e by byla \u010d\u00e1ste\u010dn\u011b obnoven\u00e1 infrastruktura p\u016fvodn\u00edho s\u00eddla. Ve sv\u00fdch \u00favah\u00e1ch do\u0161el a\u017e k\u00a0odv\u00e1\u017en\u00e9mu n\u00e1padu zrekonstruovat ruiny statku, ve\u00a0kter\u00e9m by se\u00a0pak mohl us\u00eddlit jeho nov\u00fd obyvatel &#8211; spr\u00e1vce. Ten by m\u011bl v\u00a0intenc\u00edch pam\u00e1tkov\u00e9 z\u00f3ny na\u00a0starosti tradi\u010dn\u00ed, nemechanizovan\u00e9 hospoda\u0159en\u00ed v\u00a0okoln\u00ed krajin\u011b. Ve\u0161ker\u00e9 dal\u0161\u00ed kroky by v\u0161ak musely b\u00fdt zah\u00e1jeny z\u00e1pisem ruin do katastr\u00e1ln\u00edch map.<\/p>\n<p>Odborn\u00edci na\u00a0\u017eivotn\u00ed prost\u0159ed\u00ed p\u0159ednesli svou p\u0159edstavu o\u00a0mo\u017enosti vzniku kulturn\u011b-historicko-sociologicko-politick\u00e9ho centra s\u00a0p\u0159\u00edrodn\u00edm rozm\u011brem. V\u0161echny z\u00e1sahy by v\u0161ak vy\u017eadovaly podrobnou anal\u00fdzu a\u00a0pl\u00e1nov\u00e1n\u00ed i\u00a0p\u0159esnou dokumentaci a\u00a0o jejich\u00a0povolen\u00ed by se\u00a0m\u011blo s\u00a0odpov\u011bdn\u00fdmi org\u00e1ny a\u00a0institucemi za\u010d\u00edt jednat co nejd\u0159\u00edve.<\/p>\n<p>Jist\u00fdm konsenzem je nicm\u00e9n\u011b nutnost pl\u00e1novat ve\u0161ker\u00e9 opravy a \u00fapravy m\u00edsta, a tak\u00e9 v\u0161echna zdej\u0161\u00ed setk\u00e1n\u00ed s ohledem na okoln\u00ed p\u0159\u00edrodu. Zohledn\u011bny mus\u00ed b\u00fdt pravidla p\u0159\u00edrodn\u00ed rezervace, zab\u00edraj\u00edc\u00ed \u010d\u00e1st okol\u00ed osady, vegeta\u010dn\u00ed obdob\u00ed chr\u00e1n\u011bn\u00fdch rostlinn\u00fdch druh\u016f \u010di hn\u00edzdn\u00ed obdob\u00ed vz\u00e1cn\u00fdch pt\u00e1k\u016f. N\u011bkter\u00e9 diskutovan\u00e9 z\u00e1sahy v lokalit\u011b K\u00f6nigsm\u00fchle p\u0159in\u00e1\u0161ely\u00a0v tomto smyslu \u00a0jist\u00e1 \u00faskal\u00ed, ale tak\u00e9 mo\u017en\u00e9 v\u00fdhody. Tak nap\u0159\u00edklad\u00a0propojen\u00ed potoka \u010cern\u00e1 voda s b\u00fdval\u00fdm rybn\u00edkem, kter\u00fd je dnes podm\u00e1\u010denou loukou, by mohlo p\u0159i n\u00edzk\u00e9 hladin\u011b\u00a0vody napomoci roz\u0161\u00ed\u0159en\u00ed populace oboj\u017eiveln\u00edk\u016f.<\/p>\n<p>Podm\u00ednkou dal\u0161\u00edch krok\u016f v lokalit\u011b K\u00f6nigsm\u00fchle bude dohoda s organizac\u00ed Lesy \u010cR, na jej\u00edm\u017e pozemku se nach\u00e1z\u00ed. Organiz\u00e1to\u0159i land and art festivalu ka\u017edop\u00e1dn\u011b v\u011b\u0159\u00ed a doufaj\u00ed ve velmi brzk\u00fd v\u00fdvoj ve sm\u011bru z\u00e1chrany unik\u00e1tn\u00edho m\u00edsta, tolik v\u00fdznamn\u00e9ho pro pam\u011b\u0165 n\u00e1roda i pro p\u0159ipomenut\u00ed v\u00fdznamn\u00e9 \u010d\u00e1sti d\u011bjin cel\u00e9 Evropy.<\/p>\n","protected":false},"excerpt":{"rendered":"<p>\u010ctvrte\u010dn\u00ed program land and art setk\u00e1n\u00ed K\u00f6nigsm\u00fchle 2013 byl zah\u00e1jen diskus\u00ed o\u00a0budoucnosti nejen t\u00e9to akce, ale\u00a0i samotn\u00e9 osady. Zav\u00e9st spole\u010dnou \u0159e\u010d p\u0159i\u0161li do kulis star\u00fdch ruin \u00a0starostka Lou\u010dn\u00e9 Jana M\u00fcllerov\u00e1, p\u0159edseda\u00a0ob\u010dansk\u00e9ho sdru\u017een\u00ed DoKrajin Petr Mik\u0161\u00ed\u010dek, zam\u011bstnanci\u00a0Odboru \u017eivotn\u00edho prost\u0159ed\u00ed Krajsk\u00e9ho \u00fa\u0159adu \u00dasteck\u00e9ho kraje Lubom\u00edr Valtr a\u00a0Ji\u0159\u00ed \u0160imek a\u00a0z\u00e1stupce N\u00e1rodn\u00edho pam\u00e1tkov\u00e9ho \u00fastavu Ji\u0159\u00ed Krechler. P\u0159izv\u00e1ni byli tak\u00e9 [&hellip;]<\/p>\n","protected":false},"author":1,"featured_media":0,"comment_status":"closed","ping_status":"closed","sticky":false,"template":"","format":"standard","meta":{"_acf_changed":false,"footnotes":""},"categories":[1],"tags":[],"acf":[],"_links":{"self":[{"href":"https:\/\/konigsmuhle.cz\/de\/wp-json\/wp\/v2\/posts\/272"}],"collection":[{"href":"https:\/\/konigsmuhle.cz\/de\/wp-json\/wp\/v2\/posts"}],"about":[{"href":"https:\/\/konigsmuhle.cz\/de\/wp-json\/wp\/v2\/types\/post"}],"author":[{"embeddable":true,"href":"https:\/\/konigsmuhle.cz\/de\/wp-json\/wp\/v2\/users\/1"}],"replies":[{"embeddable":true,"href":"https:\/\/konigsmuhle.cz\/de\/wp-json\/wp\/v2\/comments?post=272"}],"version-history":[{"count":1,"href":"https:\/\/konigsmuhle.cz\/de\/wp-json\/wp\/v2\/posts\/272\/revisions"}],"predecessor-version":[{"id":2138,"href":"https:\/\/konigsmuhle.cz\/de\/wp-json\/wp\/v2\/posts\/272\/revisions\/2138"}],"wp:attachment":[{"href":"https:\/\/konigsmuhle.cz\/de\/wp-json\/wp\/v2\/media?parent=272"}],"wp:term":[{"taxonomy":"category","embeddable":true,"href":"https:\/\/konigsmuhle.cz\/de\/wp-json\/wp\/v2\/categories?post=272"},{"taxonomy":"post_tag","embeddable":true,"href":"https:\/\/konigsmuhle.cz\/de\/wp-json\/wp\/v2\/tags?post=272"}],"curies":[{"name":"wp","href":"https:\/\/api.w.org\/{rel}","templated":true}]}}