{"id":3611,"date":"2023-07-08T11:43:16","date_gmt":"2023-07-08T09:43:16","guid":{"rendered":"https:\/\/konigsmuhle.cz\/?p=3611"},"modified":"2023-07-08T11:44:29","modified_gmt":"2023-07-08T09:44:29","slug":"finalni-plakat-festivalu-je-zde","status":"publish","type":"post","link":"https:\/\/konigsmuhle.cz\/de\/finalni-plakat-festivalu-je-zde\/","title":{"rendered":"Fin\u00e1ln\u00ed plak\u00e1t festivalu je zde :-)"},"content":{"rendered":"","protected":false},"excerpt":{"rendered":"","protected":false},"author":3,"featured_media":0,"comment_status":"closed","ping_status":"closed","sticky":false,"template":"","format":"standard","meta":{"_acf_changed":false,"footnotes":""},"categories":[1],"tags":[],"acf":[],"_links":{"self":[{"href":"https:\/\/konigsmuhle.cz\/de\/wp-json\/wp\/v2\/posts\/3611"}],"collection":[{"href":"https:\/\/konigsmuhle.cz\/de\/wp-json\/wp\/v2\/posts"}],"about":[{"href":"https:\/\/konigsmuhle.cz\/de\/wp-json\/wp\/v2\/types\/post"}],"author":[{"embeddable":true,"href":"https:\/\/konigsmuhle.cz\/de\/wp-json\/wp\/v2\/users\/3"}],"replies":[{"embeddable":true,"href":"https:\/\/konigsmuhle.cz\/de\/wp-json\/wp\/v2\/comments?post=3611"}],"version-history":[{"count":2,"href":"https:\/\/konigsmuhle.cz\/de\/wp-json\/wp\/v2\/posts\/3611\/revisions"}],"predecessor-version":[{"id":3616,"href":"https:\/\/konigsmuhle.cz\/de\/wp-json\/wp\/v2\/posts\/3611\/revisions\/3616"}],"wp:attachment":[{"href":"https:\/\/konigsmuhle.cz\/de\/wp-json\/wp\/v2\/media?parent=3611"}],"wp:term":[{"taxonomy":"category","embeddable":true,"href":"https:\/\/konigsmuhle.cz\/de\/wp-json\/wp\/v2\/categories?post=3611"},{"taxonomy":"post_tag","embeddable":true,"href":"https:\/\/konigsmuhle.cz\/de\/wp-json\/wp\/v2\/tags?post=3611"}],"curies":[{"name":"wp","href":"https:\/\/api.w.org\/{rel}","templated":true}]}}