{"id":406,"date":"2015-07-29T14:24:59","date_gmt":"2015-07-29T13:24:59","guid":{"rendered":"http:\/\/konigsmuhle.cz\/?p=406"},"modified":"2015-07-30T07:09:25","modified_gmt":"2015-07-30T06:09:25","slug":"umelci-kteri-budou-tvorit-na-letosnim-rocniku-a-jejichz-dila-si-muzete-prohlednout-v-sobotu-29-8-2015-odpoledne-v-ramci-landartove-a-basnicke-prochazky","status":"publish","type":"post","link":"https:\/\/konigsmuhle.cz\/de\/umelci-kteri-budou-tvorit-na-letosnim-rocniku-a-jejichz-dila-si-muzete-prohlednout-v-sobotu-29-8-2015-odpoledne-v-ramci-landartove-a-basnicke-prochazky\/","title":{"rendered":"Um\u011blci, kte\u0159\u00ed budou tvo\u0159it na leto\u0161n\u00edm ro\u010dn\u00edku a jejich\u017e d\u00edla si m\u016f\u017eete prohl\u00e9dnout v sobotu 29. 8. 2015 odpoledne v r\u00e1mci Landartov\u00e9 a b\u00e1snick\u00e9 proch\u00e1zky"},"content":{"rendered":"","protected":false},"excerpt":{"rendered":"","protected":false},"author":1,"featured_media":0,"comment_status":"closed","ping_status":"closed","sticky":false,"template":"","format":"standard","meta":{"_acf_changed":false,"footnotes":""},"categories":[1],"tags":[],"acf":[],"_links":{"self":[{"href":"https:\/\/konigsmuhle.cz\/de\/wp-json\/wp\/v2\/posts\/406"}],"collection":[{"href":"https:\/\/konigsmuhle.cz\/de\/wp-json\/wp\/v2\/posts"}],"about":[{"href":"https:\/\/konigsmuhle.cz\/de\/wp-json\/wp\/v2\/types\/post"}],"author":[{"embeddable":true,"href":"https:\/\/konigsmuhle.cz\/de\/wp-json\/wp\/v2\/users\/1"}],"replies":[{"embeddable":true,"href":"https:\/\/konigsmuhle.cz\/de\/wp-json\/wp\/v2\/comments?post=406"}],"version-history":[{"count":0,"href":"https:\/\/konigsmuhle.cz\/de\/wp-json\/wp\/v2\/posts\/406\/revisions"}],"wp:attachment":[{"href":"https:\/\/konigsmuhle.cz\/de\/wp-json\/wp\/v2\/media?parent=406"}],"wp:term":[{"taxonomy":"category","embeddable":true,"href":"https:\/\/konigsmuhle.cz\/de\/wp-json\/wp\/v2\/categories?post=406"},{"taxonomy":"post_tag","embeddable":true,"href":"https:\/\/konigsmuhle.cz\/de\/wp-json\/wp\/v2\/tags?post=406"}],"curies":[{"name":"wp","href":"https:\/\/api.w.org\/{rel}","templated":true}]}}